{"id":1054,"date":"2022-05-02T10:59:04","date_gmt":"2022-05-02T08:59:04","guid":{"rendered":"http:\/\/www.guggialp.ch\/?p=1054"},"modified":"2022-05-02T11:18:05","modified_gmt":"2022-05-02T09:18:05","slug":"sommersaision-2022","status":"publish","type":"post","link":"https:\/\/www.guggialp.ch\/?p=1054","title":{"rendered":"Sommersaision 2022"},"content":{"rendered":"\n<p>Werte Gugginer<\/p>\n\n\n\n<p>Die Sommersaison beginnt in K\u00fcrze, hier die <strong>wichtigsten Daten<\/strong> f\u00fcr&#8217;s 2022.<\/p>\n\n\n\n<p><strong>Alpwerk 2022<\/strong><\/p>\n\n\n\n<p><strong>11. Juni; Beginn um 08:00<\/strong>, auf dem &#8222;Scheidf\u00e4rrich&#8220;.  Anschliessend Ap\u00e9ro f\u00fcr alle Teilnehmer.<\/p>\n\n\n\n<p><strong>Tagesplan:<\/strong><\/p>\n\n\n\n<p>08h00 Besammlung auf dem Scheidf\u00e4rich, Arbeitsaufteilung<\/p>\n\n\n\n<p>08h15 bis 12h00 Arbeiten, Weg, Stafel, Alpe<\/p>\n\n\n\n<p>12h00 bis 13h30 Mittagessen<\/p>\n\n\n\n<p>13h30 bis 16h00 Arbeiten, Weg, Stafel, Alpe<\/p>\n\n\n\n<hr class=\"wp-block-separator\"\/>\n\n\n\n<p><strong>Messe 1. August<\/strong><\/p>\n\n\n\n<p>Die Messe wird am <strong>1. August, 10:30 Uhr<\/strong>, &#8222;Scheidf\u00e4rrich&#8220; durch Prior<br>James&nbsp;Kachappilly gehalten. <\/p>\n\n\n\n<hr class=\"wp-block-separator\"\/>\n\n\n\n<p><strong>Alpversammlung \/Alprechnung<\/strong><\/p>\n\n\n\n<p>Die Alpversammlung findet dieses Jahr am <strong>01. Oktober 2022, um 14:00 Uhr, in Blatten <\/strong>(Pfarrei Saal) statt.<\/p>\n\n\n\n<p>Die Alprechnung ist am Anschluss der Alpversammlung (Zum rechnen m\u00fcssen die eigen &#8222;T\u00e4ssl\u00e4&#8220; mitgebracht werden.<\/p>\n\n\n\n<p>Dieses Jahr werden wir einige <strong>sehr relevante Traktanden<\/strong> behandeln:<\/p>\n\n\n\n<ul class=\"wp-block-list\"><li>Baurechtsvertrag \/ Grundbucheintrag<\/li><\/ul>\n\n\n\n<ul class=\"wp-block-list\"><li>Statuten (Eure \u00c4nderungsantr\u00e4ge k\u00f6nnen <strong><a href=\"https:\/\/docs.google.com\/document\/d\/1KcL1EFSHP9VE8WeXAiALFjJuH7xK4-VP\/edit?usp=sharing&amp;ouid=111429706827370704183&amp;rtpof=true&amp;sd=true\" target=\"_blank\" rel=\"noreferrer noopener\">hier direkt eingepflegt<\/a><\/strong> werden.)<\/li><\/ul>\n\n\n\n<ul class=\"wp-block-list\"><li>Wanderweg<\/li><\/ul>\n\n\n\n<ul class=\"wp-block-list\"><li>H\u00fctte im Moos <\/li><\/ul>\n\n\n\n<hr class=\"wp-block-separator\"\/>\n\n\n\n<p>Neu findet ihr bei den <a href=\"https:\/\/www.guggialp.ch\/?page_id=39\" target=\"_blank\" rel=\"noreferrer noopener\">Unterlagen<\/a> auch die Protokolle der Wassergenossenschaft (H\u00fcttenbesitzer) Versammlung<\/p>\n\n\n\n<hr class=\"wp-block-separator\"\/>\n\n\n\n<p>Chers Guggier<\/p>\n\n\n\n<p>La saison d&#8217;\u00e9t\u00e9 va bient\u00f4t commencer, voici les dates les plus importantes pour l&#8217;ann\u00e9e 2022.<\/p>\n\n\n\n<hr class=\"wp-block-separator\"\/>\n\n\n\n<p><strong>Travail \u00e0 l&#8217;alpage 2022<\/strong> <strong>(Alpwerk)<\/strong><\/p>\n\n\n\n<p><strong>11 juin ; d\u00e9but \u00e0 08:00, sur le &#8222;Scheidf\u00e4rrich&#8220;.<\/strong> Ensuite, ap\u00e9ro pour tous les participants.<\/p>\n\n\n\n<p>Plan de la journ\u00e9e :<\/p>\n\n\n\n<p>08h00 Rassemblement sur le &#8222;Scheidf\u00e4rich&#8220;, r\u00e9partition du travail.<\/p>\n\n\n\n<p>08h15 \u00e0 12h00 Travaux, chemin, stafel, alpage<\/p>\n\n\n\n<p>12h00 \u00e0 13h30 D\u00e9jeuner<\/p>\n\n\n\n<p>13h30 \u00e0 16h00 Travaux, chemin, stafel, alpage<\/p>\n\n\n\n<hr class=\"wp-block-separator\"\/>\n\n\n\n<p><strong>Messe du 1er ao\u00fbt<\/strong><\/p>\n\n\n\n<p>La messe sera c\u00e9l\u00e9br\u00e9e <strong>le 1er ao\u00fbt, 10h30, &#8222;Scheidf\u00e4rrich&#8220;<\/strong> par le prieur<br>James Kachappilly.<\/p>\n\n\n\n<hr class=\"wp-block-separator\"\/>\n\n\n\n<p><strong>Assembl\u00e9e d&#8217;alpage \/ comptes d&#8217;alpage<\/strong><\/p>\n\n\n\n<p>L&#8217;assembl\u00e9e d&#8217;alpage aura lieu cette ann\u00e9e <strong>le 01 octobre 2022, \u00e0 14:00 heures, \u00e0 Blatten<\/strong> (salle paroissiale).<\/p>\n\n\n\n<p>Les comptes de l&#8217;alpage seront pr\u00e9sent\u00e9s \u00e0 l&#8217;issue de l&#8217;assembl\u00e9e (pour le calcul, il faut apporter ses propres &#8222;T\u00e4ssl\u00e4&#8220;).<\/p>\n\n\n\n<p>Cette ann\u00e9e, nous traiterons quelques points tr\u00e8s importants de l&#8217;ordre du jour :<\/p>\n\n\n\n<p>-Contrat de droit de superficie \/ inscription au registre foncier<br>-Statuts (<a href=\"https:\/\/docs.google.com\/document\/d\/1KcL1EFSHP9VE8WeXAiALFjJuH7xK4-VP\/edit?usp=sharing&amp;ouid=111429706827370704183&amp;rtpof=true&amp;sd=true\" target=\"_blank\" rel=\"noreferrer noopener\">vos demandes de modification peuvent \u00eatre directement int\u00e9gr\u00e9es ici.<\/a>)<br>-Cabane dans le marais (H\u00fctte im Moos)<\/p>\n\n\n\n<hr class=\"wp-block-separator\"\/>\n\n\n\n<p>Vous trouverez d\u00e9sormais dans les <a href=\"https:\/\/www.guggialp.ch\/?page_id=39\" target=\"_blank\" rel=\"noreferrer noopener\">documents<\/a> les proc\u00e8s-verbaux de <strong>l&#8217;assembl\u00e9e du syndicat d&#8217;eau (propri\u00e9taire de la cabane).<\/strong><\/p>\n\n\n\n<hr class=\"wp-block-separator\"\/>\n","protected":false},"excerpt":{"rendered":"<p>Werte Gugginer Die Sommersaison beginnt in K\u00fcrze, hier die wichtigsten Daten f\u00fcr&#8217;s 2022. Alpwerk 2022 11. Juni; Beginn um 08:00, auf dem &#8222;Scheidf\u00e4rrich&#8220;. Anschliessend Ap\u00e9ro f\u00fcr alle Teilnehmer. Tagesplan: 08h00 Besammlung auf dem Scheidf\u00e4rich, Arbeitsaufteilung 08h15 bis 12h00 Arbeiten, Weg, Stafel, Alpe 12h00 bis 13h30 Mittagessen 13h30 bis 16h00 Arbeiten, Weg, Stafel, Alpe Messe 1. [&hellip;]<\/p>\n","protected":false},"author":1,"featured_media":0,"comment_status":"open","ping_status":"open","sticky":false,"template":"","format":"standard","meta":{"_monsterinsights_skip_tracking":false,"_monsterinsights_sitenote_active":false,"_monsterinsights_sitenote_note":"","_monsterinsights_sitenote_category":0,"ngg_post_thumbnail":0,"jetpack_post_was_ever_published":false,"_jetpack_newsletter_access":"","_jetpack_dont_email_post_to_subs":false,"_jetpack_newsletter_tier_id":0,"_jetpack_memberships_contains_paywalled_content":false,"_jetpack_memberships_contains_paid_content":false,"footnotes":"","jetpack_publicize_message":"","jetpack_publicize_feature_enabled":true,"jetpack_social_post_already_shared":true,"jetpack_social_options":{"image_generator_settings":{"template":"highway","default_image_id":0,"font":"","enabled":false},"version":2}},"categories":[4],"tags":[12,19,11,10,9],"class_list":["post-1054","post","type-post","status-publish","format-standard","hentry","category-ankuendigungen","tag-1-august","tag-alpsaision-2022","tag-revision","tag-statuten","tag-wichtig"],"jetpack_publicize_connections":[],"jetpack_featured_media_url":"","jetpack_sharing_enabled":true,"jetpack_shortlink":"https:\/\/wp.me\/p7bNL5-h0","jetpack-related-posts":[],"amp_enabled":true,"_links":{"self":[{"href":"https:\/\/www.guggialp.ch\/index.php?rest_route=\/wp\/v2\/posts\/1054","targetHints":{"allow":["GET"]}}],"collection":[{"href":"https:\/\/www.guggialp.ch\/index.php?rest_route=\/wp\/v2\/posts"}],"about":[{"href":"https:\/\/www.guggialp.ch\/index.php?rest_route=\/wp\/v2\/types\/post"}],"author":[{"embeddable":true,"href":"https:\/\/www.guggialp.ch\/index.php?rest_route=\/wp\/v2\/users\/1"}],"replies":[{"embeddable":true,"href":"https:\/\/www.guggialp.ch\/index.php?rest_route=%2Fwp%2Fv2%2Fcomments&post=1054"}],"version-history":[{"count":5,"href":"https:\/\/www.guggialp.ch\/index.php?rest_route=\/wp\/v2\/posts\/1054\/revisions"}],"predecessor-version":[{"id":1062,"href":"https:\/\/www.guggialp.ch\/index.php?rest_route=\/wp\/v2\/posts\/1054\/revisions\/1062"}],"wp:attachment":[{"href":"https:\/\/www.guggialp.ch\/index.php?rest_route=%2Fwp%2Fv2%2Fmedia&parent=1054"}],"wp:term":[{"taxonomy":"category","embeddable":true,"href":"https:\/\/www.guggialp.ch\/index.php?rest_route=%2Fwp%2Fv2%2Fcategories&post=1054"},{"taxonomy":"post_tag","embeddable":true,"href":"https:\/\/www.guggialp.ch\/index.php?rest_route=%2Fwp%2Fv2%2Ftags&post=1054"}],"curies":[{"name":"wp","href":"https:\/\/api.w.org\/{rel}","templated":true}]}}