{"id":1142,"date":"2024-03-12T15:11:36","date_gmt":"2024-03-12T14:11:36","guid":{"rendered":"https:\/\/www.guggialp.ch\/?p=1142"},"modified":"2024-05-16T16:50:44","modified_gmt":"2024-05-16T14:50:44","slug":"alpsaison-2024","status":"publish","type":"post","link":"https:\/\/www.guggialp.ch\/?p=1142","title":{"rendered":"Alpsaison 2024"},"content":{"rendered":"\n<p>Liebe Gugginer<\/p>\n\n\n\n<p>Der Schnee liegt noch auf der Guggifl\u00fch aber die Saison 2024 steht vor der T\u00fcre. Hier die wichtigsten Daten;<\/p>\n\n\n\n<p><strong>Alpversammlung<\/strong>;<\/p>\n\n\n\n<p>Wann; <strong>Samstag 18.Mai 2024, 14:00 Uhr<\/strong>, ab 16:00 Uhr Alprechnung (T\u00e4ssl\u00e4 nicht vergessen)<\/p>\n\n\n\n<p>Wo; <strong>Blatten, Pfarreisaal <\/strong><\/p>\n\n\n\n<p><strong>Alpwerk<\/strong>;<\/p>\n\n\n\n<p>Wann; <strong>Samstag 08.Juni<\/strong> 2024,<strong> 08:00<\/strong> Uhr Scheidf\u00e4rrich (Ersatzdatum 15.Juni 24)<\/p>\n\n\n\n<p><strong>Aufalpen<\/strong>; Juni 24 genaues Datum folgt<\/p>\n\n\n\n<p><strong>Messe<\/strong>: 1. August; 10:00 Uhr ; anschliessend Raclette essen<\/p>\n\n\n\n<p><strong>Abalpen<\/strong>;  September 24 genaues Datum folgt<\/p>\n\n\n\n<p><\/p>\n\n\n\n<p>Gruss bis bald<\/p>\n\n\n\n<p>Der Vorstand<\/p>\n\n\n\n<p>Chers Gugginer<\/p>\n\n\n\n<p>La neige est encore pr\u00e9sente sur la Guggifl\u00fch, mais la saison 2024 est \u00e0 nos portes. Voici les dates les plus importantes ;<\/p>\n\n\n\n<p><strong>Assembl\u00e9e d&#8217;alpage<\/strong>;<\/p>\n\n\n\n<p>Quand ; <strong>samedi 18 mai 2024, 14:00 <\/strong>heures, \u00e0 partir de 16:00 heures facture d&#8217;alpage (ne pas oublier la T\u00e4ssl\u00e4)<\/p>\n\n\n\n<p>O\u00f9 ;<strong> Blatten<\/strong>, <strong>Pfarreisaal<\/strong><\/p>\n\n\n\n<p><strong>Alpwerk; <\/strong><\/p>\n\n\n\n<p>Quand; <strong>Samedi 08 juin 2024<\/strong>, 08:00 Scheidf\u00e4rrich (date de remplacement 15 juin 24)<\/p>\n\n\n\n<p><strong>Mont\u00e9e \u00e0 l&#8217;alpage<\/strong> ; juin 24 date exacte \u00e0 venir<\/p>\n\n\n\n<p><strong>Messe<\/strong> : 1<strong>er ao\u00fbt ; 10:00<\/strong> heures ; suivie d&#8217;une raclette<\/p>\n\n\n\n<p><strong>Alpage de d\u00e9part<\/strong> ; septembre 24 date exacte \u00e0 venir<\/p>\n\n\n\n<p>Salutations \u00e0 bient\u00f4t<\/p>\n\n\n\n<p>Le comit\u00e9<\/p>\n\n\n\n<p><\/p>\n","protected":false},"excerpt":{"rendered":"<p>Liebe Gugginer Der Schnee liegt noch auf der Guggifl\u00fch aber die Saison 2024 steht vor der T\u00fcre. Hier die wichtigsten Daten; Alpversammlung; Wann; Samstag 18.Mai 2024, 14:00 Uhr, ab 16:00 Uhr Alprechnung (T\u00e4ssl\u00e4 nicht vergessen) Wo; Blatten, Pfarreisaal Alpwerk; Wann; Samstag 08.Juni 2024, 08:00 Uhr Scheidf\u00e4rrich (Ersatzdatum 15.Juni 24) Aufalpen; Juni 24 genaues Datum folgt [&hellip;]<\/p>\n","protected":false},"author":1,"featured_media":1146,"comment_status":"open","ping_status":"open","sticky":false,"template":"","format":"standard","meta":{"_monsterinsights_skip_tracking":false,"_monsterinsights_sitenote_active":false,"_monsterinsights_sitenote_note":"","_monsterinsights_sitenote_category":0,"ngg_post_thumbnail":0,"jetpack_post_was_ever_published":false,"_jetpack_newsletter_access":"","_jetpack_dont_email_post_to_subs":false,"_jetpack_newsletter_tier_id":0,"_jetpack_memberships_contains_paywalled_content":false,"_jetpack_memberships_contains_paid_content":false,"footnotes":"","jetpack_publicize_message":"","jetpack_publicize_feature_enabled":true,"jetpack_social_post_already_shared":false,"jetpack_social_options":{"image_generator_settings":{"template":"highway","default_image_id":0,"font":"","enabled":false},"version":2}},"categories":[4],"tags":[14,9],"class_list":["post-1142","post","type-post","status-publish","format-standard","has-post-thumbnail","hentry","category-ankuendigungen","tag-news","tag-wichtig"],"jetpack_publicize_connections":[],"jetpack_featured_media_url":"https:\/\/i0.wp.com\/www.guggialp.ch\/wp-content\/uploads\/2024\/03\/Guggialp-12_03_24-1.jpg?fit=942%2C536&ssl=1","jetpack_sharing_enabled":true,"jetpack_shortlink":"https:\/\/wp.me\/p7bNL5-iq","jetpack-related-posts":[],"amp_enabled":true,"_links":{"self":[{"href":"https:\/\/www.guggialp.ch\/index.php?rest_route=\/wp\/v2\/posts\/1142","targetHints":{"allow":["GET"]}}],"collection":[{"href":"https:\/\/www.guggialp.ch\/index.php?rest_route=\/wp\/v2\/posts"}],"about":[{"href":"https:\/\/www.guggialp.ch\/index.php?rest_route=\/wp\/v2\/types\/post"}],"author":[{"embeddable":true,"href":"https:\/\/www.guggialp.ch\/index.php?rest_route=\/wp\/v2\/users\/1"}],"replies":[{"embeddable":true,"href":"https:\/\/www.guggialp.ch\/index.php?rest_route=%2Fwp%2Fv2%2Fcomments&post=1142"}],"version-history":[{"count":4,"href":"https:\/\/www.guggialp.ch\/index.php?rest_route=\/wp\/v2\/posts\/1142\/revisions"}],"predecessor-version":[{"id":1154,"href":"https:\/\/www.guggialp.ch\/index.php?rest_route=\/wp\/v2\/posts\/1142\/revisions\/1154"}],"wp:featuredmedia":[{"embeddable":true,"href":"https:\/\/www.guggialp.ch\/index.php?rest_route=\/wp\/v2\/media\/1146"}],"wp:attachment":[{"href":"https:\/\/www.guggialp.ch\/index.php?rest_route=%2Fwp%2Fv2%2Fmedia&parent=1142"}],"wp:term":[{"taxonomy":"category","embeddable":true,"href":"https:\/\/www.guggialp.ch\/index.php?rest_route=%2Fwp%2Fv2%2Fcategories&post=1142"},{"taxonomy":"post_tag","embeddable":true,"href":"https:\/\/www.guggialp.ch\/index.php?rest_route=%2Fwp%2Fv2%2Ftags&post=1142"}],"curies":[{"name":"wp","href":"https:\/\/api.w.org\/{rel}","templated":true}]}}